{"id":13687,"date":"2026-03-09T12:37:54","date_gmt":"2026-03-09T11:37:54","guid":{"rendered":"https:\/\/www.fondazioneaurora.org\/?p=13687"},"modified":"2026-03-09T12:37:54","modified_gmt":"2026-03-09T11:37:54","slug":"iabw-9","status":"publish","type":"post","link":"https:\/\/www.fondazioneaurora.org\/fr\/iabw-9\/","title":{"rendered":"Fondazione Aurora alla IX edizione dell&rsquo;Italia Africa Business Week"},"content":{"rendered":"<p><div class=\"fusion-fullwidth fullwidth-box fusion-builder-row-1 nonhundred-percent-fullwidth non-hundred-percent-height-scrolling\" style=\"background-color: rgba(255,255,255,0);background-position: center center;background-repeat: no-repeat;padding-top:0px;padding-right:0px;padding-bottom:0px;padding-left:0px;margin-bottom: 0px;margin-top: 0px;border-width: 0px 0px 0px 0px;border-color:rgba(0,0,0,0.08);border-style:solid;\" ><div class=\"fusion-builder-row fusion-row\"><div class=\"fusion-layout-column fusion_builder_column fusion-builder-column-0 fusion_builder_column_1_1 1_1 fusion-one-full fusion-column-first fusion-column-last\" style=\"margin-top:0px;margin-bottom:0px;\"><div class=\"fusion-column-wrapper fusion-flex-column-wrapper-legacy\" style=\"background-position:left top;background-repeat:no-repeat;-webkit-background-size:cover;-moz-background-size:cover;-o-background-size:cover;background-size:cover;padding: 0px 0px 0px 0px;\"><div class=\"fusion-text fusion-text-1\" style=\"color:#000000;transform:translate3d(0,0,0);\"><p><span style=\"font-weight: 400;\">Si \u00e8 conclusa il 6 marzo 2026 la nona edizione dell&rsquo;<\/span><b>Italia Africa Business Week (IABW)<\/b><span style=\"font-weight: 400;\">, il forum economico e commerciale dedicato alla cooperazione tra Italia e Africa promosso dall\u2019<\/span><b>Associazione Le R\u00e9seau<\/b><span style=\"font-weight: 400;\">, in collaborazione con il <\/span><b>Ministero degli Affari Esteri e della Cooperazione Internazionale<\/b><span style=\"font-weight: 400;\">, l\u2019<\/span><b>Agenzia Italiana per la Cooperazione allo Sviluppo<\/b><span style=\"font-weight: 400;\"> (AICS) e l\u2019<\/span><b>Organizzazione Internazionale per le Migrazioni <\/b><span style=\"font-weight: 400;\">(OIM). Tre giorni intensi tra la Farnesina e il Centro Congressi Villa Aurelia di Roma, che hanno confermato IABW come uno degli appuntamenti pi\u00f9 rilevanti nel panorama della cooperazione internazionale italiana.<\/span><\/p>\n<p><span style=\"font-weight: 400;\">Inaugurata il 4 marzo alla Farnesina dal Vice Ministro Edmondo Cirielli, e da panel dedicato ai due anni di attuazione del Piano Mattei<\/span><b>,<\/b><span style=\"font-weight: 400;\"> l&rsquo;edizione 2026 ha riunito delegazioni imprenditoriali e istituzionali da oltre dodici Paesi africani &#8211; tra cui Senegal, Costa d&rsquo;Avorio, Etiopia, Egitto, Tunisia, Camerun, Benin, Zambia, Lesotho e Sudafrica &#8211; con imprenditori, investitori e rappresentanti della societ\u00e0 civile impegnati a costruire partnership industriali, commerciali e di investimento. Durante la prima giornata alla Farnesina, sono state distribuite alcune copie del quaderno <\/span><b>\u201cDestinazione Africa\u201d <\/b><span style=\"font-weight: 400;\">un quaderno realizzato da <\/span><b>Internationalia Srl<\/b><span style=\"font-weight: 400;\"> in collaborazione con <\/span><b>Fondazione Aurora ETS<\/b><span style=\"font-weight: 400;\"> per la <\/span><b>Direzione Generale per la Crescita e la Promozione delle Esportazioni<\/b><span style=\"font-weight: 400;\"> del Ministero degli Affari Esteri e della Cooperazione Internazionale<\/span>.<\/p>\n<\/div><style type=\"text\/css\">.fusion-gallery-1 .fusion-gallery-image {border:0px solid #f4f4f6;}<\/style><div class=\"fusion-gallery fusion-gallery-container fusion-grid-2 fusion-columns-total-4 fusion-gallery-layout-grid fusion-gallery-1\" style=\"margin:-15px;\"><div style=\"padding:15px;\" class=\"fusion-grid-column fusion-gallery-column fusion-gallery-column-2 hover-type-none\"><div class=\"fusion-gallery-image\"><a href=\"https:\/\/www.fondazioneaurora.org\/wp-content\/uploads\/2026\/03\/20260304-304-scaled.jpg\" rel=\"noreferrer\" data-rel=\"iLightbox[gallery_image_1]\" class=\"fusion-lightbox\" target=\"_self\"><img decoding=\"async\" src=\"https:\/\/www.fondazioneaurora.org\/wp-content\/uploads\/2026\/03\/20260304-304-scaled.jpg\" data-orig-src=\"https:\/\/www.fondazioneaurora.org\/wp-content\/uploads\/2026\/03\/20260304-304-scaled.jpg\" width=\"2560\" height=\"1707\" alt=\"\" title=\"20260304-304\" aria-label=\"20260304-304\" class=\"lazyload img-responsive wp-image-13655\" srcset=\"data:image\/svg+xml,%3Csvg%20xmlns%3D%27http%3A%2F%2Fwww.w3.org%2F2000%2Fsvg%27%20width%3D%272560%27%20height%3D%271707%27%20viewBox%3D%270%200%202560%201707%27%3E%3Crect%20width%3D%272560%27%20height%3D%2731707%27%20fill-opacity%3D%220%22%2F%3E%3C%2Fsvg%3E\" data-srcset=\"https:\/\/www.fondazioneaurora.org\/wp-content\/uploads\/2026\/03\/20260304-304-200x133.jpg 200w, https:\/\/www.fondazioneaurora.org\/wp-content\/uploads\/2026\/03\/20260304-304-400x267.jpg 400w, https:\/\/www.fondazioneaurora.org\/wp-content\/uploads\/2026\/03\/20260304-304-600x400.jpg 600w, https:\/\/www.fondazioneaurora.org\/wp-content\/uploads\/2026\/03\/20260304-304-800x533.jpg 800w, https:\/\/www.fondazioneaurora.org\/wp-content\/uploads\/2026\/03\/20260304-304-1200x800.jpg 1200w, https:\/\/www.fondazioneaurora.org\/wp-content\/uploads\/2026\/03\/20260304-304-scaled.jpg 2560w\" data-sizes=\"auto\" data-orig-sizes=\"(min-width: 2200px) 100vw, (min-width: 717px) 653px, (min-width: 640px) 717px, \" \/><\/a><\/div><\/div><div style=\"padding:15px;\" class=\"fusion-grid-column fusion-gallery-column fusion-gallery-column-2 hover-type-none\"><div class=\"fusion-gallery-image\"><a href=\"https:\/\/www.fondazioneaurora.org\/wp-content\/uploads\/2026\/03\/20260304-103-scaled.jpg\" rel=\"noreferrer\" data-rel=\"iLightbox[gallery_image_1]\" class=\"fusion-lightbox\" target=\"_self\"><img decoding=\"async\" src=\"https:\/\/www.fondazioneaurora.org\/wp-content\/uploads\/2026\/03\/20260304-103-scaled.jpg\" data-orig-src=\"https:\/\/www.fondazioneaurora.org\/wp-content\/uploads\/2026\/03\/20260304-103-scaled.jpg\" width=\"2560\" height=\"1707\" alt=\"\" title=\"20260304-103\" aria-label=\"20260304-103\" class=\"lazyload img-responsive wp-image-13631\" srcset=\"data:image\/svg+xml,%3Csvg%20xmlns%3D%27http%3A%2F%2Fwww.w3.org%2F2000%2Fsvg%27%20width%3D%272560%27%20height%3D%271707%27%20viewBox%3D%270%200%202560%201707%27%3E%3Crect%20width%3D%272560%27%20height%3D%2731707%27%20fill-opacity%3D%220%22%2F%3E%3C%2Fsvg%3E\" data-srcset=\"https:\/\/www.fondazioneaurora.org\/wp-content\/uploads\/2026\/03\/20260304-103-200x133.jpg 200w, https:\/\/www.fondazioneaurora.org\/wp-content\/uploads\/2026\/03\/20260304-103-400x267.jpg 400w, https:\/\/www.fondazioneaurora.org\/wp-content\/uploads\/2026\/03\/20260304-103-600x400.jpg 600w, https:\/\/www.fondazioneaurora.org\/wp-content\/uploads\/2026\/03\/20260304-103-800x533.jpg 800w, https:\/\/www.fondazioneaurora.org\/wp-content\/uploads\/2026\/03\/20260304-103-1200x800.jpg 1200w, https:\/\/www.fondazioneaurora.org\/wp-content\/uploads\/2026\/03\/20260304-103-scaled.jpg 2560w\" data-sizes=\"auto\" data-orig-sizes=\"(min-width: 2200px) 100vw, (min-width: 717px) 653px, (min-width: 640px) 717px, \" \/><\/a><\/div><\/div><div class=\"clearfix\"><\/div><div style=\"padding:15px;\" class=\"fusion-grid-column fusion-gallery-column fusion-gallery-column-2 hover-type-none\"><div class=\"fusion-gallery-image\"><a href=\"https:\/\/www.fondazioneaurora.org\/wp-content\/uploads\/2026\/03\/20260304-96-scaled.jpg\" rel=\"noreferrer\" data-rel=\"iLightbox[gallery_image_1]\" class=\"fusion-lightbox\" target=\"_self\"><img decoding=\"async\" src=\"https:\/\/www.fondazioneaurora.org\/wp-content\/uploads\/2026\/03\/20260304-96-scaled.jpg\" data-orig-src=\"https:\/\/www.fondazioneaurora.org\/wp-content\/uploads\/2026\/03\/20260304-96-scaled.jpg\" width=\"2560\" height=\"1707\" alt=\"\" title=\"20260304-96\" aria-label=\"20260304-96\" class=\"lazyload img-responsive wp-image-13667\" srcset=\"data:image\/svg+xml,%3Csvg%20xmlns%3D%27http%3A%2F%2Fwww.w3.org%2F2000%2Fsvg%27%20width%3D%272560%27%20height%3D%271707%27%20viewBox%3D%270%200%202560%201707%27%3E%3Crect%20width%3D%272560%27%20height%3D%2731707%27%20fill-opacity%3D%220%22%2F%3E%3C%2Fsvg%3E\" data-srcset=\"https:\/\/www.fondazioneaurora.org\/wp-content\/uploads\/2026\/03\/20260304-96-200x133.jpg 200w, https:\/\/www.fondazioneaurora.org\/wp-content\/uploads\/2026\/03\/20260304-96-400x267.jpg 400w, https:\/\/www.fondazioneaurora.org\/wp-content\/uploads\/2026\/03\/20260304-96-600x400.jpg 600w, https:\/\/www.fondazioneaurora.org\/wp-content\/uploads\/2026\/03\/20260304-96-800x533.jpg 800w, https:\/\/www.fondazioneaurora.org\/wp-content\/uploads\/2026\/03\/20260304-96-1200x800.jpg 1200w, https:\/\/www.fondazioneaurora.org\/wp-content\/uploads\/2026\/03\/20260304-96-scaled.jpg 2560w\" data-sizes=\"auto\" data-orig-sizes=\"(min-width: 2200px) 100vw, (min-width: 717px) 653px, (min-width: 640px) 717px, \" \/><\/a><\/div><\/div><div style=\"padding:15px;\" class=\"fusion-grid-column fusion-gallery-column fusion-gallery-column-2 hover-type-none\"><div class=\"fusion-gallery-image\"><a href=\"https:\/\/www.fondazioneaurora.org\/wp-content\/uploads\/2026\/03\/20260304-889-scaled.jpg\" rel=\"noreferrer\" data-rel=\"iLightbox[gallery_image_1]\" class=\"fusion-lightbox\" target=\"_self\"><img decoding=\"async\" src=\"https:\/\/www.fondazioneaurora.org\/wp-content\/uploads\/2026\/03\/20260304-889-scaled.jpg\" data-orig-src=\"https:\/\/www.fondazioneaurora.org\/wp-content\/uploads\/2026\/03\/20260304-889-scaled.jpg\" width=\"2560\" height=\"1707\" alt=\"\" title=\"20260304-889\" aria-label=\"20260304-889\" class=\"lazyload img-responsive wp-image-13640\" srcset=\"data:image\/svg+xml,%3Csvg%20xmlns%3D%27http%3A%2F%2Fwww.w3.org%2F2000%2Fsvg%27%20width%3D%272560%27%20height%3D%271707%27%20viewBox%3D%270%200%202560%201707%27%3E%3Crect%20width%3D%272560%27%20height%3D%2731707%27%20fill-opacity%3D%220%22%2F%3E%3C%2Fsvg%3E\" data-srcset=\"https:\/\/www.fondazioneaurora.org\/wp-content\/uploads\/2026\/03\/20260304-889-200x133.jpg 200w, https:\/\/www.fondazioneaurora.org\/wp-content\/uploads\/2026\/03\/20260304-889-400x267.jpg 400w, https:\/\/www.fondazioneaurora.org\/wp-content\/uploads\/2026\/03\/20260304-889-600x400.jpg 600w, https:\/\/www.fondazioneaurora.org\/wp-content\/uploads\/2026\/03\/20260304-889-800x533.jpg 800w, https:\/\/www.fondazioneaurora.org\/wp-content\/uploads\/2026\/03\/20260304-889-1200x800.jpg 1200w, https:\/\/www.fondazioneaurora.org\/wp-content\/uploads\/2026\/03\/20260304-889-scaled.jpg 2560w\" data-sizes=\"auto\" data-orig-sizes=\"(min-width: 2200px) 100vw, (min-width: 717px) 653px, (min-width: 640px) 717px, \" \/><\/a><\/div><\/div><div class=\"clearfix\"><\/div><\/div><div class=\"fusion-text fusion-text-2\" style=\"color:#000000;transform:translate3d(0,0,0);\"><\/div><div class=\"fusion-aligncenter\"><style type=\"text\/css\">.fusion-button.button-1 .fusion-button-text, .fusion-button.button-1 i {color:#ffffff;}.fusion-button.button-1 .fusion-button-icon-divider{border-color:#ffffff;}.fusion-button.button-1:hover .fusion-button-text, .fusion-button.button-1:hover i,.fusion-button.button-1:focus .fusion-button-text, .fusion-button.button-1:focus i,.fusion-button.button-1:active .fusion-button-text, .fusion-button.button-1:active{color:rgba(0,0,0,0.65);}.fusion-button.button-1:hover .fusion-button-icon-divider, .fusion-button.button-1:hover .fusion-button-icon-divider, .fusion-button.button-1:active .fusion-button-icon-divider{border-color:rgba(0,0,0,0.65);}.fusion-button.button-1:hover, .fusion-button.button-1:focus, .fusion-button.button-1:active{border-color:#ffffff;}.fusion-button.button-1 {border-color:#ffffff;border-radius:10px;}.fusion-button.button-1{background: #ff0000;}.fusion-button.button-1:hover,.button-1:focus,.fusion-button.button-1:active{background: #ffffff;\n\t\t\t\t\t\t\tbackground-image: -webkit-gradient( linear, left bottom, left top, from( rgba(0,0,0,0.65) ), to( #ffffff ) );\n\t\t\t\t\t\t\tbackground-image: -webkit-linear-gradient( bottom, rgba(0,0,0,0.65), #ffffff );\n\t\t\t\t\t\t\tbackground-image:   -moz-linear-gradient( bottom, rgba(0,0,0,0.65), #ffffff );\n\t\t\t\t\t\t\tbackground-image:     -o-linear-gradient( bottom, rgba(0,0,0,0.65), #ffffff );\n\t\t\t\t\t\t\tbackground-image: linear-gradient( to top, rgba(0,0,0,0.65), #ffffff );}<\/style><a class=\"fusion-button button-flat fusion-button-default-size button-custom button-1 fusion-button-default-span fusion-button-default-type\" target=\"_self\" href=\"https:\/\/www.fondazioneaurora.org\/wp-content\/uploads\/2025\/12\/Guida_Destinazione_Africa-.pdf\"><span class=\"fusion-button-text\">Scarica la guida \u00ab\u00a0Destinazione Africa\u00a0\u00bb<\/span><i class=\"fa-arrow-alt-circle-down fas button-icon-right\" aria-hidden=\"true\"><\/i><\/a><\/div><div class=\"fusion-text fusion-text-3\" style=\"color:#000000;transform:translate3d(0,0,0);\"><p>&nbsp;<\/p>\n<p class=\"p1\"><span style=\"font-weight: 400;\">Temi strategici come green economy, infrastrutture, digitalizzazione, agroindustria, formazione e mobilit\u00e0 sostenibile hanno animato tavole rotonde, workshop tematici e incontri B2B\/B3B. Al centro del dibattito, i due anni del Piano Mattei e il ruolo della <\/span><b>diaspora africana<\/b><span style=\"font-weight: 400;\"> come attore economico a pieno titolo, soggetto capace di facilitare investimenti, scambio e trasferimento di competenze<\/span><span style=\"font-weight: 400;\">.<\/span><\/p>\n<h3><b>Fondazione Aurora come partner dell\u2019iniziativa<\/b><\/h3>\n<p><span style=\"font-weight: 400;\">Anche in questa nona edizione, Fondazione Aurora \u00e8 partner dell&rsquo;Italia Africa Business Week perch\u00e9 pone l\u2019accento sulle diaspore come facilitatrici di processo. Il nostro lavoro quotidiano nasce dalla stessa convinzione: costruire relazioni paritarie, durature e basate sulla fiducia richiede di valorizzare chi gi\u00e0 vive su entrambe le sponde, conosce entrambe le realt\u00e0 e sa trasformare questa doppia appartenenza in risorsa<\/span>.<\/p>\n<\/div><div class=\"fusion-sep-clear\"><\/div><div class=\"fusion-separator fusion-full-width-sep\" style=\"margin-left: auto;margin-right: auto;width:100%;\"><\/div><div class=\"fusion-sep-clear\"><\/div><style type=\"text\/css\">.fusion-gallery-2 .fusion-gallery-image {border:0px solid #f4f4f6;}<\/style><div class=\"fusion-gallery fusion-gallery-container fusion-grid-3 fusion-columns-total-9 fusion-gallery-layout-grid fusion-gallery-2\" style=\"margin:-15px;\"><div style=\"padding:15px;\" class=\"fusion-grid-column fusion-gallery-column fusion-gallery-column-3 hover-type-none\"><div class=\"fusion-gallery-image\"><a href=\"https:\/\/www.fondazioneaurora.org\/wp-content\/uploads\/2026\/03\/20260304-84-1-scaled.jpg\" rel=\"noreferrer\" data-rel=\"iLightbox[gallery_image_2]\" class=\"fusion-lightbox\" target=\"_self\"><img decoding=\"async\" src=\"https:\/\/www.fondazioneaurora.org\/wp-content\/uploads\/2026\/03\/20260304-84-1-scaled.jpg\" data-orig-src=\"https:\/\/www.fondazioneaurora.org\/wp-content\/uploads\/2026\/03\/20260304-84-1-scaled.jpg\" width=\"2560\" height=\"1707\" alt=\"\" title=\"20260304-84\" aria-label=\"20260304-84\" class=\"lazyload img-responsive wp-image-13664\" srcset=\"data:image\/svg+xml,%3Csvg%20xmlns%3D%27http%3A%2F%2Fwww.w3.org%2F2000%2Fsvg%27%20width%3D%272560%27%20height%3D%271707%27%20viewBox%3D%270%200%202560%201707%27%3E%3Crect%20width%3D%272560%27%20height%3D%2731707%27%20fill-opacity%3D%220%22%2F%3E%3C%2Fsvg%3E\" data-srcset=\"https:\/\/www.fondazioneaurora.org\/wp-content\/uploads\/2026\/03\/20260304-84-1-200x133.jpg 200w, https:\/\/www.fondazioneaurora.org\/wp-content\/uploads\/2026\/03\/20260304-84-1-400x267.jpg 400w, https:\/\/www.fondazioneaurora.org\/wp-content\/uploads\/2026\/03\/20260304-84-1-600x400.jpg 600w, https:\/\/www.fondazioneaurora.org\/wp-content\/uploads\/2026\/03\/20260304-84-1-800x533.jpg 800w, https:\/\/www.fondazioneaurora.org\/wp-content\/uploads\/2026\/03\/20260304-84-1-1200x800.jpg 1200w, https:\/\/www.fondazioneaurora.org\/wp-content\/uploads\/2026\/03\/20260304-84-1-scaled.jpg 2560w\" data-sizes=\"auto\" data-orig-sizes=\"(min-width: 2200px) 100vw, (min-width: 794px) 430px, (min-width: 717px) 645px, (min-width: 640px) 717px, \" \/><\/a><\/div><\/div><div style=\"padding:15px;\" class=\"fusion-grid-column fusion-gallery-column fusion-gallery-column-3 hover-type-none\"><div class=\"fusion-gallery-image\"><a href=\"https:\/\/www.fondazioneaurora.org\/wp-content\/uploads\/2026\/03\/20260306-910-scaled.jpg\" rel=\"noreferrer\" data-rel=\"iLightbox[gallery_image_2]\" class=\"fusion-lightbox\" target=\"_self\"><img decoding=\"async\" src=\"https:\/\/www.fondazioneaurora.org\/wp-content\/uploads\/2026\/03\/20260306-910-scaled.jpg\" data-orig-src=\"https:\/\/www.fondazioneaurora.org\/wp-content\/uploads\/2026\/03\/20260306-910-scaled.jpg\" width=\"2560\" height=\"1707\" alt=\"\" title=\"20260306-910\" aria-label=\"20260306-910\" class=\"lazyload img-responsive wp-image-13682\" srcset=\"data:image\/svg+xml,%3Csvg%20xmlns%3D%27http%3A%2F%2Fwww.w3.org%2F2000%2Fsvg%27%20width%3D%272560%27%20height%3D%271707%27%20viewBox%3D%270%200%202560%201707%27%3E%3Crect%20width%3D%272560%27%20height%3D%2731707%27%20fill-opacity%3D%220%22%2F%3E%3C%2Fsvg%3E\" data-srcset=\"https:\/\/www.fondazioneaurora.org\/wp-content\/uploads\/2026\/03\/20260306-910-200x133.jpg 200w, https:\/\/www.fondazioneaurora.org\/wp-content\/uploads\/2026\/03\/20260306-910-400x267.jpg 400w, https:\/\/www.fondazioneaurora.org\/wp-content\/uploads\/2026\/03\/20260306-910-600x400.jpg 600w, https:\/\/www.fondazioneaurora.org\/wp-content\/uploads\/2026\/03\/20260306-910-800x533.jpg 800w, https:\/\/www.fondazioneaurora.org\/wp-content\/uploads\/2026\/03\/20260306-910-1200x800.jpg 1200w, https:\/\/www.fondazioneaurora.org\/wp-content\/uploads\/2026\/03\/20260306-910-scaled.jpg 2560w\" data-sizes=\"auto\" data-orig-sizes=\"(min-width: 2200px) 100vw, (min-width: 794px) 430px, (min-width: 717px) 645px, (min-width: 640px) 717px, \" \/><\/a><\/div><\/div><div class=\"clearfix\"><\/div><div style=\"padding:15px;\" class=\"fusion-grid-column fusion-gallery-column fusion-gallery-column-3 hover-type-none\"><div class=\"fusion-gallery-image\"><a href=\"https:\/\/www.fondazioneaurora.org\/wp-content\/uploads\/2026\/03\/20260306-34-scaled.jpg\" rel=\"noreferrer\" data-rel=\"iLightbox[gallery_image_2]\" class=\"fusion-lightbox\" target=\"_self\"><img decoding=\"async\" src=\"data:image\/svg+xml,%3Csvg%20xmlns%3D%27http%3A%2F%2Fwww.w3.org%2F2000%2Fsvg%27%20width%3D%272560%27%20height%3D%271707%27%20viewBox%3D%270%200%202560%201707%27%3E%3Crect%20width%3D%272560%27%20height%3D%2731707%27%20fill-opacity%3D%220%22%2F%3E%3C%2Fsvg%3E\" data-orig-src=\"https:\/\/www.fondazioneaurora.org\/wp-content\/uploads\/2026\/03\/20260306-34-scaled.jpg\" width=\"\" height=\"\" alt=\"\" title=\"20260306-34\" aria-label=\"20260306-34\" class=\"lazyload img-responsive wp-image-13679\" \/><\/a><\/div><\/div><div style=\"padding:15px;\" class=\"fusion-grid-column fusion-gallery-column fusion-gallery-column-3 hover-type-none\"><div class=\"fusion-gallery-image\"><a href=\"https:\/\/www.fondazioneaurora.org\/wp-content\/uploads\/2026\/03\/20260304-642-scaled.jpg\" rel=\"noreferrer\" data-rel=\"iLightbox[gallery_image_2]\" class=\"fusion-lightbox\" target=\"_self\"><img decoding=\"async\" src=\"https:\/\/www.fondazioneaurora.org\/wp-content\/uploads\/2026\/03\/20260304-642-scaled.jpg\" data-orig-src=\"https:\/\/www.fondazioneaurora.org\/wp-content\/uploads\/2026\/03\/20260304-642-scaled.jpg\" width=\"2560\" height=\"1707\" alt=\"\" title=\"20260304-642\" aria-label=\"20260304-642\" class=\"lazyload img-responsive wp-image-13676\" srcset=\"data:image\/svg+xml,%3Csvg%20xmlns%3D%27http%3A%2F%2Fwww.w3.org%2F2000%2Fsvg%27%20width%3D%272560%27%20height%3D%271707%27%20viewBox%3D%270%200%202560%201707%27%3E%3Crect%20width%3D%272560%27%20height%3D%2731707%27%20fill-opacity%3D%220%22%2F%3E%3C%2Fsvg%3E\" data-srcset=\"https:\/\/www.fondazioneaurora.org\/wp-content\/uploads\/2026\/03\/20260304-642-200x133.jpg 200w, https:\/\/www.fondazioneaurora.org\/wp-content\/uploads\/2026\/03\/20260304-642-400x267.jpg 400w, https:\/\/www.fondazioneaurora.org\/wp-content\/uploads\/2026\/03\/20260304-642-600x400.jpg 600w, https:\/\/www.fondazioneaurora.org\/wp-content\/uploads\/2026\/03\/20260304-642-800x533.jpg 800w, https:\/\/www.fondazioneaurora.org\/wp-content\/uploads\/2026\/03\/20260304-642-1200x800.jpg 1200w, https:\/\/www.fondazioneaurora.org\/wp-content\/uploads\/2026\/03\/20260304-642-scaled.jpg 2560w\" data-sizes=\"auto\" data-orig-sizes=\"(min-width: 2200px) 100vw, (min-width: 794px) 430px, (min-width: 717px) 645px, (min-width: 640px) 717px, \" \/><\/a><\/div><\/div><div style=\"padding:15px;\" class=\"fusion-grid-column fusion-gallery-column fusion-gallery-column-3 hover-type-none\"><div class=\"fusion-gallery-image\"><a href=\"https:\/\/www.fondazioneaurora.org\/wp-content\/uploads\/2026\/03\/20260304-245-scaled.jpg\" rel=\"noreferrer\" data-rel=\"iLightbox[gallery_image_2]\" class=\"fusion-lightbox\" target=\"_self\"><img decoding=\"async\" src=\"https:\/\/www.fondazioneaurora.org\/wp-content\/uploads\/2026\/03\/20260304-245-scaled.jpg\" data-orig-src=\"https:\/\/www.fondazioneaurora.org\/wp-content\/uploads\/2026\/03\/20260304-245-scaled.jpg\" width=\"2560\" height=\"1708\" alt=\"\" title=\"20260304-245\" aria-label=\"20260304-245\" class=\"lazyload img-responsive wp-image-13673\" srcset=\"data:image\/svg+xml,%3Csvg%20xmlns%3D%27http%3A%2F%2Fwww.w3.org%2F2000%2Fsvg%27%20width%3D%272560%27%20height%3D%271708%27%20viewBox%3D%270%200%202560%201708%27%3E%3Crect%20width%3D%272560%27%20height%3D%2731708%27%20fill-opacity%3D%220%22%2F%3E%3C%2Fsvg%3E\" data-srcset=\"https:\/\/www.fondazioneaurora.org\/wp-content\/uploads\/2026\/03\/20260304-245-200x133.jpg 200w, https:\/\/www.fondazioneaurora.org\/wp-content\/uploads\/2026\/03\/20260304-245-400x267.jpg 400w, https:\/\/www.fondazioneaurora.org\/wp-content\/uploads\/2026\/03\/20260304-245-600x400.jpg 600w, https:\/\/www.fondazioneaurora.org\/wp-content\/uploads\/2026\/03\/20260304-245-800x534.jpg 800w, https:\/\/www.fondazioneaurora.org\/wp-content\/uploads\/2026\/03\/20260304-245-1200x800.jpg 1200w, https:\/\/www.fondazioneaurora.org\/wp-content\/uploads\/2026\/03\/20260304-245-scaled.jpg 2560w\" data-sizes=\"auto\" data-orig-sizes=\"(min-width: 2200px) 100vw, (min-width: 794px) 430px, (min-width: 717px) 645px, (min-width: 640px) 717px, \" \/><\/a><\/div><\/div><div class=\"clearfix\"><\/div><div style=\"padding:15px;\" class=\"fusion-grid-column fusion-gallery-column fusion-gallery-column-3 hover-type-none\"><div class=\"fusion-gallery-image\"><a href=\"https:\/\/www.fondazioneaurora.org\/wp-content\/uploads\/2026\/03\/20260304-202-scaled.jpg\" rel=\"noreferrer\" data-rel=\"iLightbox[gallery_image_2]\" class=\"fusion-lightbox\" target=\"_self\"><img decoding=\"async\" src=\"https:\/\/www.fondazioneaurora.org\/wp-content\/uploads\/2026\/03\/20260304-202-scaled.jpg\" data-orig-src=\"https:\/\/www.fondazioneaurora.org\/wp-content\/uploads\/2026\/03\/20260304-202-scaled.jpg\" width=\"2560\" height=\"1707\" alt=\"\" title=\"20260304-202\" aria-label=\"20260304-202\" class=\"lazyload img-responsive wp-image-13670\" srcset=\"data:image\/svg+xml,%3Csvg%20xmlns%3D%27http%3A%2F%2Fwww.w3.org%2F2000%2Fsvg%27%20width%3D%272560%27%20height%3D%271707%27%20viewBox%3D%270%200%202560%201707%27%3E%3Crect%20width%3D%272560%27%20height%3D%2731707%27%20fill-opacity%3D%220%22%2F%3E%3C%2Fsvg%3E\" data-srcset=\"https:\/\/www.fondazioneaurora.org\/wp-content\/uploads\/2026\/03\/20260304-202-200x133.jpg 200w, https:\/\/www.fondazioneaurora.org\/wp-content\/uploads\/2026\/03\/20260304-202-400x267.jpg 400w, https:\/\/www.fondazioneaurora.org\/wp-content\/uploads\/2026\/03\/20260304-202-600x400.jpg 600w, https:\/\/www.fondazioneaurora.org\/wp-content\/uploads\/2026\/03\/20260304-202-800x533.jpg 800w, https:\/\/www.fondazioneaurora.org\/wp-content\/uploads\/2026\/03\/20260304-202-1200x800.jpg 1200w, https:\/\/www.fondazioneaurora.org\/wp-content\/uploads\/2026\/03\/20260304-202-scaled.jpg 2560w\" data-sizes=\"auto\" data-orig-sizes=\"(min-width: 2200px) 100vw, (min-width: 794px) 430px, (min-width: 717px) 645px, (min-width: 640px) 717px, \" \/><\/a><\/div><\/div><div style=\"padding:15px;\" class=\"fusion-grid-column fusion-gallery-column fusion-gallery-column-3 hover-type-none\"><div class=\"fusion-gallery-image\"><a href=\"https:\/\/www.fondazioneaurora.org\/wp-content\/uploads\/2026\/03\/20260304-1753-scaled.jpg\" rel=\"noreferrer\" data-rel=\"iLightbox[gallery_image_2]\" class=\"fusion-lightbox\" target=\"_self\"><img decoding=\"async\" src=\"https:\/\/www.fondazioneaurora.org\/wp-content\/uploads\/2026\/03\/20260304-1753-scaled.jpg\" data-orig-src=\"https:\/\/www.fondazioneaurora.org\/wp-content\/uploads\/2026\/03\/20260304-1753-scaled.jpg\" width=\"2560\" height=\"1707\" alt=\"\" title=\"20260304-1753\" aria-label=\"20260304-1753\" class=\"lazyload img-responsive wp-image-13646\" srcset=\"data:image\/svg+xml,%3Csvg%20xmlns%3D%27http%3A%2F%2Fwww.w3.org%2F2000%2Fsvg%27%20width%3D%272560%27%20height%3D%271707%27%20viewBox%3D%270%200%202560%201707%27%3E%3Crect%20width%3D%272560%27%20height%3D%2731707%27%20fill-opacity%3D%220%22%2F%3E%3C%2Fsvg%3E\" data-srcset=\"https:\/\/www.fondazioneaurora.org\/wp-content\/uploads\/2026\/03\/20260304-1753-200x133.jpg 200w, https:\/\/www.fondazioneaurora.org\/wp-content\/uploads\/2026\/03\/20260304-1753-400x267.jpg 400w, https:\/\/www.fondazioneaurora.org\/wp-content\/uploads\/2026\/03\/20260304-1753-600x400.jpg 600w, https:\/\/www.fondazioneaurora.org\/wp-content\/uploads\/2026\/03\/20260304-1753-800x533.jpg 800w, https:\/\/www.fondazioneaurora.org\/wp-content\/uploads\/2026\/03\/20260304-1753-1200x800.jpg 1200w, https:\/\/www.fondazioneaurora.org\/wp-content\/uploads\/2026\/03\/20260304-1753-scaled.jpg 2560w\" data-sizes=\"auto\" data-orig-sizes=\"(min-width: 2200px) 100vw, (min-width: 794px) 430px, (min-width: 717px) 645px, (min-width: 640px) 717px, \" \/><\/a><\/div><\/div><div style=\"padding:15px;\" class=\"fusion-grid-column fusion-gallery-column fusion-gallery-column-3 hover-type-none\"><div class=\"fusion-gallery-image\"><a href=\"https:\/\/www.fondazioneaurora.org\/wp-content\/uploads\/2026\/03\/20260304-148-scaled.jpg\" rel=\"noreferrer\" data-rel=\"iLightbox[gallery_image_2]\" class=\"fusion-lightbox\" target=\"_self\"><img decoding=\"async\" src=\"https:\/\/www.fondazioneaurora.org\/wp-content\/uploads\/2026\/03\/20260304-148-scaled.jpg\" data-orig-src=\"https:\/\/www.fondazioneaurora.org\/wp-content\/uploads\/2026\/03\/20260304-148-scaled.jpg\" width=\"2560\" height=\"1707\" alt=\"\" title=\"20260304-148\" aria-label=\"20260304-148\" class=\"lazyload img-responsive wp-image-13649\" srcset=\"data:image\/svg+xml,%3Csvg%20xmlns%3D%27http%3A%2F%2Fwww.w3.org%2F2000%2Fsvg%27%20width%3D%272560%27%20height%3D%271707%27%20viewBox%3D%270%200%202560%201707%27%3E%3Crect%20width%3D%272560%27%20height%3D%2731707%27%20fill-opacity%3D%220%22%2F%3E%3C%2Fsvg%3E\" data-srcset=\"https:\/\/www.fondazioneaurora.org\/wp-content\/uploads\/2026\/03\/20260304-148-200x133.jpg 200w, https:\/\/www.fondazioneaurora.org\/wp-content\/uploads\/2026\/03\/20260304-148-400x267.jpg 400w, https:\/\/www.fondazioneaurora.org\/wp-content\/uploads\/2026\/03\/20260304-148-600x400.jpg 600w, https:\/\/www.fondazioneaurora.org\/wp-content\/uploads\/2026\/03\/20260304-148-800x533.jpg 800w, https:\/\/www.fondazioneaurora.org\/wp-content\/uploads\/2026\/03\/20260304-148-1200x800.jpg 1200w, https:\/\/www.fondazioneaurora.org\/wp-content\/uploads\/2026\/03\/20260304-148-scaled.jpg 2560w\" data-sizes=\"auto\" data-orig-sizes=\"(min-width: 2200px) 100vw, (min-width: 794px) 430px, (min-width: 717px) 645px, (min-width: 640px) 717px, \" \/><\/a><\/div><\/div><div class=\"clearfix\"><\/div><div style=\"padding:15px;\" class=\"fusion-grid-column fusion-gallery-column fusion-gallery-column-3 hover-type-none\"><div class=\"fusion-gallery-image\"><a href=\"https:\/\/www.fondazioneaurora.org\/wp-content\/uploads\/2026\/03\/20260304-268-scaled.jpg\" rel=\"noreferrer\" data-rel=\"iLightbox[gallery_image_2]\" class=\"fusion-lightbox\" target=\"_self\"><img decoding=\"async\" src=\"https:\/\/www.fondazioneaurora.org\/wp-content\/uploads\/2026\/03\/20260304-268-scaled.jpg\" data-orig-src=\"https:\/\/www.fondazioneaurora.org\/wp-content\/uploads\/2026\/03\/20260304-268-scaled.jpg\" width=\"2560\" height=\"1707\" alt=\"\" title=\"20260304-268\" aria-label=\"20260304-268\" class=\"lazyload img-responsive wp-image-13652\" srcset=\"data:image\/svg+xml,%3Csvg%20xmlns%3D%27http%3A%2F%2Fwww.w3.org%2F2000%2Fsvg%27%20width%3D%272560%27%20height%3D%271707%27%20viewBox%3D%270%200%202560%201707%27%3E%3Crect%20width%3D%272560%27%20height%3D%2731707%27%20fill-opacity%3D%220%22%2F%3E%3C%2Fsvg%3E\" data-srcset=\"https:\/\/www.fondazioneaurora.org\/wp-content\/uploads\/2026\/03\/20260304-268-200x133.jpg 200w, https:\/\/www.fondazioneaurora.org\/wp-content\/uploads\/2026\/03\/20260304-268-400x267.jpg 400w, https:\/\/www.fondazioneaurora.org\/wp-content\/uploads\/2026\/03\/20260304-268-600x400.jpg 600w, https:\/\/www.fondazioneaurora.org\/wp-content\/uploads\/2026\/03\/20260304-268-800x533.jpg 800w, https:\/\/www.fondazioneaurora.org\/wp-content\/uploads\/2026\/03\/20260304-268-1200x800.jpg 1200w, https:\/\/www.fondazioneaurora.org\/wp-content\/uploads\/2026\/03\/20260304-268-scaled.jpg 2560w\" data-sizes=\"auto\" data-orig-sizes=\"(min-width: 2200px) 100vw, (min-width: 794px) 430px, (min-width: 717px) 645px, (min-width: 640px) 717px, \" \/><\/a><\/div><\/div><\/div><div class=\"fusion-sep-clear\"><\/div><div class=\"fusion-separator fusion-full-width-sep\" style=\"margin-left: auto;margin-right: auto;width:100%;\"><\/div><div class=\"fusion-sep-clear\"><\/div><div class=\"fusion-clearfix\"><\/div><\/div><\/div><\/div><\/div><div class=\"fusion-fullwidth fullwidth-box fusion-builder-row-2 fusion-flex-container nonhundred-percent-fullwidth non-hundred-percent-height-scrolling\" style=\"background-color: rgba(255,255,255,0);background-position: center center;background-repeat: no-repeat;border-width: 0px 0px 0px 0px;border-color:rgba(0,0,0,0.08);border-style:solid;\" ><div class=\"fusion-builder-row fusion-row fusion-flex-align-items-flex-start\" style=\"max-width:1372.8px;margin-left: calc(-4% \/ 2 );margin-right: calc(-4% \/ 2 );\"><div class=\"fusion-layout-column fusion_builder_column fusion-builder-column-1 fusion_builder_column_1_1 1_1 fusion-flex-column\"><div class=\"fusion-column-wrapper fusion-flex-justify-content-flex-start fusion-content-layout-column\" style=\"background-position:left top;background-repeat:no-repeat;-webkit-background-size:cover;-moz-background-size:cover;-o-background-size:cover;background-size:cover;padding: 0px 0px 0px 0px;\"><\/div><\/div><style type=\"text\/css\">.fusion-body .fusion-builder-column-1{width:100% !important;margin-top : 20px;margin-bottom : 20px;}.fusion-builder-column-1 > .fusion-column-wrapper {padding-top : 0px !important;padding-right : 0px !important;margin-right : 1.92%;padding-bottom : 0px !important;padding-left : 0px !important;margin-left : 1.92%;}@media only screen and (max-width:1024px) {.fusion-body .fusion-builder-column-1{width:100% !important;order : 0;}.fusion-builder-column-1 > .fusion-column-wrapper {margin-right : 1.92%;margin-left : 1.92%;}}@media only screen and (max-width:640px) {.fusion-body .fusion-builder-column-1{width:100% !important;order : 0;}.fusion-builder-column-1 > .fusion-column-wrapper {margin-right : 1.92%;margin-left : 1.92%;}}<\/style><\/div><style type=\"text\/css\">.fusion-body .fusion-flex-container.fusion-builder-row-2{ padding-top : 0px;margin-top : 0px;padding-right : 0px;padding-bottom : 0px;margin-bottom : 0px;padding-left : 0px;}<\/style><\/div><div class=\"fusion-fullwidth fullwidth-box fusion-builder-row-3 fusion-flex-container nonhundred-percent-fullwidth non-hundred-percent-height-scrolling\" style=\"background-color: rgba(255,255,255,0);background-position: center center;background-repeat: no-repeat;border-width: 0px 0px 0px 0px;border-color:rgba(0,0,0,0.08);border-style:solid;\" ><div class=\"fusion-builder-row fusion-row fusion-flex-align-items-flex-start\" style=\"max-width:1372.8px;margin-left: calc(-4% \/ 2 );margin-right: calc(-4% \/ 2 );\"><\/div><style type=\"text\/css\">.fusion-body .fusion-flex-container.fusion-builder-row-3{ padding-top : 0px;margin-top : 0px;padding-right : 0px;padding-bottom : 0px;margin-bottom : 0px;padding-left : 0px;}<\/style><\/div><\/p>\n","protected":false},"excerpt":{"rendered":"","protected":false},"author":30,"featured_media":13663,"comment_status":"open","ping_status":"open","sticky":false,"template":"","format":"standard","meta":{"inline_featured_image":false,"_monsterinsights_skip_tracking":false,"_monsterinsights_sitenote_active":false,"_monsterinsights_sitenote_note":"","_monsterinsights_sitenote_category":0,"_uf_show_specific_survey":0,"_uf_disable_surveys":false,"footnotes":""},"categories":[174],"tags":[],"class_list":["post-13687","post","type-post","status-publish","format-standard","has-post-thumbnail","hentry","category-news-fr"],"yoast_head":"<!-- This site is optimized with the Yoast SEO plugin v26.6 - https:\/\/yoast.com\/wordpress\/plugins\/seo\/ -->\n<title>Fondazione Aurora alla IX edizione dell&#039;Italia Africa Business Week - Fondazione Aurora<\/title>\n<meta name=\"robots\" content=\"index, follow, max-snippet:-1, max-image-preview:large, max-video-preview:-1\" \/>\n<link rel=\"canonical\" href=\"https:\/\/www.fondazioneaurora.org\/fr\/iabw-9\/\" \/>\n<meta property=\"og:locale\" content=\"fr_FR\" \/>\n<meta property=\"og:type\" content=\"article\" \/>\n<meta property=\"og:title\" content=\"Fondazione Aurora alla IX edizione dell&#039;Italia Africa Business Week - Fondazione Aurora\" \/>\n<meta property=\"og:url\" content=\"https:\/\/www.fondazioneaurora.org\/fr\/iabw-9\/\" \/>\n<meta property=\"og:site_name\" content=\"Fondazione Aurora\" \/>\n<meta property=\"article:published_time\" content=\"2026-03-09T11:37:54+00:00\" \/>\n<meta property=\"og:image\" content=\"https:\/\/www.fondazioneaurora.org\/wp-content\/uploads\/2026\/03\/Fondazione-Aurora-iabw-italia-africa-business-week-nona-edizione-maeci-aics-oim-1024x469.png\" \/>\n<meta name=\"author\" content=\"Fondazione Aurora\" \/>\n<meta name=\"twitter:card\" content=\"summary_large_image\" \/>\n<meta name=\"twitter:image\" content=\"https:\/\/www.fondazioneaurora.org\/wp-content\/uploads\/2026\/03\/Fondazione-Aurora-iabw-italia-africa-business-week-nona-edizione-maeci-aics-oim-1024x469.png\" \/>\n<meta name=\"twitter:label1\" content=\"\u00c9crit par\" \/>\n\t<meta name=\"twitter:data1\" content=\"Fondazione Aurora\" \/>\n\t<meta name=\"twitter:label2\" content=\"Dur\u00e9e de lecture estim\u00e9e\" \/>\n\t<meta name=\"twitter:data2\" content=\"10 minutes\" \/>\n<script type=\"application\/ld+json\" class=\"yoast-schema-graph\">{\"@context\":\"https:\/\/schema.org\",\"@graph\":[{\"@type\":\"WebPage\",\"@id\":\"https:\/\/www.fondazioneaurora.org\/fr\/iabw-9\/\",\"url\":\"https:\/\/www.fondazioneaurora.org\/fr\/iabw-9\/\",\"name\":\"Fondazione Aurora alla IX edizione dell'Italia Africa Business Week - Fondazione Aurora\",\"isPartOf\":{\"@id\":\"https:\/\/www.fondazioneaurora.org\/fr\/#website\"},\"primaryImageOfPage\":{\"@id\":\"https:\/\/www.fondazioneaurora.org\/fr\/iabw-9\/#primaryimage\"},\"image\":{\"@id\":\"https:\/\/www.fondazioneaurora.org\/fr\/iabw-9\/#primaryimage\"},\"thumbnailUrl\":\"https:\/\/www.fondazioneaurora.org\/wp-content\/uploads\/2026\/03\/Fondazione-Aurora-iabw-italia-africa-business-week-nona-edizione-maeci-aics-oim.png\",\"datePublished\":\"2026-03-09T11:37:54+00:00\",\"author\":{\"@id\":\"https:\/\/www.fondazioneaurora.org\/fr\/#\/schema\/person\/2fe773817d20ba8ae9d3421a30daf83f\"},\"breadcrumb\":{\"@id\":\"https:\/\/www.fondazioneaurora.org\/fr\/iabw-9\/#breadcrumb\"},\"inLanguage\":\"fr-FR\",\"potentialAction\":[{\"@type\":\"ReadAction\",\"target\":[\"https:\/\/www.fondazioneaurora.org\/fr\/iabw-9\/\"]}]},{\"@type\":\"ImageObject\",\"inLanguage\":\"fr-FR\",\"@id\":\"https:\/\/www.fondazioneaurora.org\/fr\/iabw-9\/#primaryimage\",\"url\":\"https:\/\/www.fondazioneaurora.org\/wp-content\/uploads\/2026\/03\/Fondazione-Aurora-iabw-italia-africa-business-week-nona-edizione-maeci-aics-oim.png\",\"contentUrl\":\"https:\/\/www.fondazioneaurora.org\/wp-content\/uploads\/2026\/03\/Fondazione-Aurora-iabw-italia-africa-business-week-nona-edizione-maeci-aics-oim.png\",\"width\":1440,\"height\":660},{\"@type\":\"BreadcrumbList\",\"@id\":\"https:\/\/www.fondazioneaurora.org\/fr\/iabw-9\/#breadcrumb\",\"itemListElement\":[{\"@type\":\"ListItem\",\"position\":1,\"name\":\"Home\",\"item\":\"https:\/\/www.fondazioneaurora.org\/fr\/\"},{\"@type\":\"ListItem\",\"position\":2,\"name\":\"Fondazione Aurora alla IX edizione dell&#8217;Italia Africa Business Week\"}]},{\"@type\":\"WebSite\",\"@id\":\"https:\/\/www.fondazioneaurora.org\/fr\/#website\",\"url\":\"https:\/\/www.fondazioneaurora.org\/fr\/\",\"name\":\"Fondazione Aurora\",\"description\":\"\",\"potentialAction\":[{\"@type\":\"SearchAction\",\"target\":{\"@type\":\"EntryPoint\",\"urlTemplate\":\"https:\/\/www.fondazioneaurora.org\/fr\/?s={search_term_string}\"},\"query-input\":{\"@type\":\"PropertyValueSpecification\",\"valueRequired\":true,\"valueName\":\"search_term_string\"}}],\"inLanguage\":\"fr-FR\"},{\"@type\":\"Person\",\"@id\":\"https:\/\/www.fondazioneaurora.org\/fr\/#\/schema\/person\/2fe773817d20ba8ae9d3421a30daf83f\",\"name\":\"Fondazione Aurora\",\"image\":{\"@type\":\"ImageObject\",\"inLanguage\":\"fr-FR\",\"@id\":\"https:\/\/www.fondazioneaurora.org\/fr\/#\/schema\/person\/image\/\",\"url\":\"https:\/\/secure.gravatar.com\/avatar\/9db6d6aaf1f640a0c3808ff3d41c24163f42c9b78e581f4556518efbd6573b08?s=96&d=mm&r=g\",\"contentUrl\":\"https:\/\/secure.gravatar.com\/avatar\/9db6d6aaf1f640a0c3808ff3d41c24163f42c9b78e581f4556518efbd6573b08?s=96&d=mm&r=g\",\"caption\":\"Fondazione Aurora\"},\"url\":\"https:\/\/www.fondazioneaurora.org\/fr\/author\/fondazione-aurora\/\"}]}<\/script>\n<!-- \/ Yoast SEO plugin. -->","yoast_head_json":{"title":"Fondazione Aurora alla IX edizione dell'Italia Africa Business Week - Fondazione Aurora","robots":{"index":"index","follow":"follow","max-snippet":"max-snippet:-1","max-image-preview":"max-image-preview:large","max-video-preview":"max-video-preview:-1"},"canonical":"https:\/\/www.fondazioneaurora.org\/fr\/iabw-9\/","og_locale":"fr_FR","og_type":"article","og_title":"Fondazione Aurora alla IX edizione dell'Italia Africa Business Week - Fondazione Aurora","og_url":"https:\/\/www.fondazioneaurora.org\/fr\/iabw-9\/","og_site_name":"Fondazione Aurora","article_published_time":"2026-03-09T11:37:54+00:00","og_image":[{"url":"https:\/\/www.fondazioneaurora.org\/wp-content\/uploads\/2026\/03\/Fondazione-Aurora-iabw-italia-africa-business-week-nona-edizione-maeci-aics-oim-1024x469.png","type":"","width":"","height":""}],"author":"Fondazione Aurora","twitter_card":"summary_large_image","twitter_image":"https:\/\/www.fondazioneaurora.org\/wp-content\/uploads\/2026\/03\/Fondazione-Aurora-iabw-italia-africa-business-week-nona-edizione-maeci-aics-oim-1024x469.png","twitter_misc":{"\u00c9crit par":"Fondazione Aurora","Dur\u00e9e de lecture estim\u00e9e":"10 minutes"},"schema":{"@context":"https:\/\/schema.org","@graph":[{"@type":"WebPage","@id":"https:\/\/www.fondazioneaurora.org\/fr\/iabw-9\/","url":"https:\/\/www.fondazioneaurora.org\/fr\/iabw-9\/","name":"Fondazione Aurora alla IX edizione dell'Italia Africa Business Week - Fondazione Aurora","isPartOf":{"@id":"https:\/\/www.fondazioneaurora.org\/fr\/#website"},"primaryImageOfPage":{"@id":"https:\/\/www.fondazioneaurora.org\/fr\/iabw-9\/#primaryimage"},"image":{"@id":"https:\/\/www.fondazioneaurora.org\/fr\/iabw-9\/#primaryimage"},"thumbnailUrl":"https:\/\/www.fondazioneaurora.org\/wp-content\/uploads\/2026\/03\/Fondazione-Aurora-iabw-italia-africa-business-week-nona-edizione-maeci-aics-oim.png","datePublished":"2026-03-09T11:37:54+00:00","author":{"@id":"https:\/\/www.fondazioneaurora.org\/fr\/#\/schema\/person\/2fe773817d20ba8ae9d3421a30daf83f"},"breadcrumb":{"@id":"https:\/\/www.fondazioneaurora.org\/fr\/iabw-9\/#breadcrumb"},"inLanguage":"fr-FR","potentialAction":[{"@type":"ReadAction","target":["https:\/\/www.fondazioneaurora.org\/fr\/iabw-9\/"]}]},{"@type":"ImageObject","inLanguage":"fr-FR","@id":"https:\/\/www.fondazioneaurora.org\/fr\/iabw-9\/#primaryimage","url":"https:\/\/www.fondazioneaurora.org\/wp-content\/uploads\/2026\/03\/Fondazione-Aurora-iabw-italia-africa-business-week-nona-edizione-maeci-aics-oim.png","contentUrl":"https:\/\/www.fondazioneaurora.org\/wp-content\/uploads\/2026\/03\/Fondazione-Aurora-iabw-italia-africa-business-week-nona-edizione-maeci-aics-oim.png","width":1440,"height":660},{"@type":"BreadcrumbList","@id":"https:\/\/www.fondazioneaurora.org\/fr\/iabw-9\/#breadcrumb","itemListElement":[{"@type":"ListItem","position":1,"name":"Home","item":"https:\/\/www.fondazioneaurora.org\/fr\/"},{"@type":"ListItem","position":2,"name":"Fondazione Aurora alla IX edizione dell&#8217;Italia Africa Business Week"}]},{"@type":"WebSite","@id":"https:\/\/www.fondazioneaurora.org\/fr\/#website","url":"https:\/\/www.fondazioneaurora.org\/fr\/","name":"Fondazione Aurora","description":"","potentialAction":[{"@type":"SearchAction","target":{"@type":"EntryPoint","urlTemplate":"https:\/\/www.fondazioneaurora.org\/fr\/?s={search_term_string}"},"query-input":{"@type":"PropertyValueSpecification","valueRequired":true,"valueName":"search_term_string"}}],"inLanguage":"fr-FR"},{"@type":"Person","@id":"https:\/\/www.fondazioneaurora.org\/fr\/#\/schema\/person\/2fe773817d20ba8ae9d3421a30daf83f","name":"Fondazione Aurora","image":{"@type":"ImageObject","inLanguage":"fr-FR","@id":"https:\/\/www.fondazioneaurora.org\/fr\/#\/schema\/person\/image\/","url":"https:\/\/secure.gravatar.com\/avatar\/9db6d6aaf1f640a0c3808ff3d41c24163f42c9b78e581f4556518efbd6573b08?s=96&d=mm&r=g","contentUrl":"https:\/\/secure.gravatar.com\/avatar\/9db6d6aaf1f640a0c3808ff3d41c24163f42c9b78e581f4556518efbd6573b08?s=96&d=mm&r=g","caption":"Fondazione Aurora"},"url":"https:\/\/www.fondazioneaurora.org\/fr\/author\/fondazione-aurora\/"}]}},"_links":{"self":[{"href":"https:\/\/www.fondazioneaurora.org\/fr\/wp-json\/wp\/v2\/posts\/13687","targetHints":{"allow":["GET"]}}],"collection":[{"href":"https:\/\/www.fondazioneaurora.org\/fr\/wp-json\/wp\/v2\/posts"}],"about":[{"href":"https:\/\/www.fondazioneaurora.org\/fr\/wp-json\/wp\/v2\/types\/post"}],"author":[{"embeddable":true,"href":"https:\/\/www.fondazioneaurora.org\/fr\/wp-json\/wp\/v2\/users\/30"}],"replies":[{"embeddable":true,"href":"https:\/\/www.fondazioneaurora.org\/fr\/wp-json\/wp\/v2\/comments?post=13687"}],"version-history":[{"count":1,"href":"https:\/\/www.fondazioneaurora.org\/fr\/wp-json\/wp\/v2\/posts\/13687\/revisions"}],"predecessor-version":[{"id":13689,"href":"https:\/\/www.fondazioneaurora.org\/fr\/wp-json\/wp\/v2\/posts\/13687\/revisions\/13689"}],"wp:featuredmedia":[{"embeddable":true,"href":"https:\/\/www.fondazioneaurora.org\/fr\/wp-json\/wp\/v2\/media\/13663"}],"wp:attachment":[{"href":"https:\/\/www.fondazioneaurora.org\/fr\/wp-json\/wp\/v2\/media?parent=13687"}],"wp:term":[{"taxonomy":"category","embeddable":true,"href":"https:\/\/www.fondazioneaurora.org\/fr\/wp-json\/wp\/v2\/categories?post=13687"},{"taxonomy":"post_tag","embeddable":true,"href":"https:\/\/www.fondazioneaurora.org\/fr\/wp-json\/wp\/v2\/tags?post=13687"}],"curies":[{"name":"wp","href":"https:\/\/api.w.org\/{rel}","templated":true}]}}